{"id":768,"date":"2012-09-01T22:22:22","date_gmt":"2012-09-01T20:22:22","guid":{"rendered":"http:\/\/heinlmeier.lima-city.de\/?p=768"},"modified":"2012-09-04T15:03:53","modified_gmt":"2012-09-04T13:03:53","slug":"01-09-2012-top-six-interbike-finale-in-st-georgen-am-walde-granitbeisser","status":"publish","type":"post","link":"https:\/\/heinlmeier.lima-city.de\/?p=768","title":{"rendered":"01.09.2012 Top Six + InterBike Finale in St. Georgen am Walde (Granitbeisser)"},"content":{"rendered":"<p>Sauwetter wie zu Saisonbeginn in M\u00fchldorf. Nur wirkt sich so ein Dauerregen bei dieser Strecke noch schlimmer aus. Manche Abschnitte \u00e4hnelten mehr einer Sumpflandschaft als einer MTB-Strecke. Mit der Sicht hatte ich nat\u00fcrlich auch wieder Probleme. Dieses mal hab ich mir aber eine Radflasche mit Wasser mitgenommen, um unterwegs die Brille waschen zu k\u00f6nnen. Und bei den Labestellen bin ich auch nur zum Putzen der Brille stehen geblieben. Viel hat es aber nicht gebracht.<br \/>\nGestartet bin ich mit dem Myroon da bei dem Wetter ein Fully keinen Vorteil bringt. Aber der RocketRon vorne und hinten hat definitiv schlimmstes verhindert.<br \/>\nMeine Zeit war nat\u00fcrlich entsprechend schlecht. Trotzdem hab ich in der Gesamtwertung der TopSix mehr Punkte bekommen, da jetzt M\u00fchldorf als f\u00fcnftes und schlechtestes Ergebnis gestrichen werden kann. Und im InterBike-Cup hab ich meinen 1. Platz verteidigt. Mehr wollte ich auch nicht.<br \/>\n<div id=\"attachment_771\" style=\"width: 2154px\" class=\"wp-caption aligncenter\"><a href=\"http:\/\/heinlmeier.lima-city.de\/wp-content\/uploads\/2012\/09\/DSC_0817_2.jpg\"><img aria-describedby=\"caption-attachment-771\" loading=\"lazy\" src=\"http:\/\/heinlmeier.lima-city.de\/wp-content\/uploads\/2012\/09\/DSC_0817_2.jpg\" alt=\"\" title=\"1.Platz InterBike 2012 AK35\" width=\"2144\" height=\"1424\" class=\"size-full wp-image-771\" srcset=\"https:\/\/heinlmeier.lima-city.de\/wp-content\/uploads\/2012\/09\/DSC_0817_2.jpg 2144w, https:\/\/heinlmeier.lima-city.de\/wp-content\/uploads\/2012\/09\/DSC_0817_2-300x199.jpg 300w, https:\/\/heinlmeier.lima-city.de\/wp-content\/uploads\/2012\/09\/DSC_0817_2-1024x680.jpg 1024w\" sizes=\"(max-width: 2144px) 100vw, 2144px\" \/><\/a><p id=\"caption-attachment-771\" class=\"wp-caption-text\">1.Platz InterBike 2012 AK35<\/p><\/div><\/p>\n","protected":false},"excerpt":{"rendered":"<p>Sauwetter wie zu Saisonbeginn in M\u00fchldorf. Nur wirkt sich so ein Dauerregen bei dieser Strecke noch schlimmer aus. Manche Abschnitte \u00e4hnelten mehr einer Sumpflandschaft als einer MTB-Strecke. Mit der Sicht hatte ich nat\u00fcrlich auch wieder Probleme. Dieses mal hab ich &hellip; <a href=\"https:\/\/heinlmeier.lima-city.de\/?p=768\">Weiterlesen <span class=\"meta-nav\">&rarr;<\/span><\/a><\/p>\n","protected":false},"author":1,"featured_media":0,"comment_status":"closed","ping_status":"closed","sticky":false,"template":"","format":"standard","meta":[],"categories":[1],"tags":[],"_links":{"self":[{"href":"https:\/\/heinlmeier.lima-city.de\/index.php?rest_route=\/wp\/v2\/posts\/768"}],"collection":[{"href":"https:\/\/heinlmeier.lima-city.de\/index.php?rest_route=\/wp\/v2\/posts"}],"about":[{"href":"https:\/\/heinlmeier.lima-city.de\/index.php?rest_route=\/wp\/v2\/types\/post"}],"author":[{"embeddable":true,"href":"https:\/\/heinlmeier.lima-city.de\/index.php?rest_route=\/wp\/v2\/users\/1"}],"replies":[{"embeddable":true,"href":"https:\/\/heinlmeier.lima-city.de\/index.php?rest_route=%2Fwp%2Fv2%2Fcomments&post=768"}],"version-history":[{"count":3,"href":"https:\/\/heinlmeier.lima-city.de\/index.php?rest_route=\/wp\/v2\/posts\/768\/revisions"}],"predecessor-version":[{"id":772,"href":"https:\/\/heinlmeier.lima-city.de\/index.php?rest_route=\/wp\/v2\/posts\/768\/revisions\/772"}],"wp:attachment":[{"href":"https:\/\/heinlmeier.lima-city.de\/index.php?rest_route=%2Fwp%2Fv2%2Fmedia&parent=768"}],"wp:term":[{"taxonomy":"category","embeddable":true,"href":"https:\/\/heinlmeier.lima-city.de\/index.php?rest_route=%2Fwp%2Fv2%2Fcategories&post=768"},{"taxonomy":"post_tag","embeddable":true,"href":"https:\/\/heinlmeier.lima-city.de\/index.php?rest_route=%2Fwp%2Fv2%2Ftags&post=768"}],"curies":[{"name":"wp","href":"https:\/\/api.w.org\/{rel}","templated":true}]}}